{"id":2368,"date":"2025-11-07T17:12:14","date_gmt":"2025-11-07T16:12:14","guid":{"rendered":"https:\/\/paysagiste-couvreur.com\/?p=2368"},"modified":"2026-01-21T17:13:52","modified_gmt":"2026-01-21T16:13:52","slug":"porte-de-jardin-en-fer-forge","status":"publish","type":"post","link":"https:\/\/paysagiste-couvreur.com\/2025\/11\/07\/porte-de-jardin-en-fer-forge\/","title":{"rendered":"Porte de jardin en fer forg\u00e9"},"content":{"rendered":"\t\t<div data-elementor-type=\"wp-post\" data-elementor-id=\"2368\" class=\"elementor elementor-2368\" data-elementor-post-type=\"post\">\n\t\t\t\t\t\t<section class=\"elementor-section elementor-top-section elementor-element elementor-element-46d34993 elementor-section-stretched elementor-section-boxed elementor-section-height-default elementor-section-height-default\" data-id=\"46d34993\" data-element_type=\"section\" data-e-type=\"section\" data-settings=\"{&quot;stretch_section&quot;:&quot;section-stretched&quot;}\">\n\t\t\t\t\t\t<div class=\"elementor-container elementor-column-gap-default\">\n\t\t\t\t\t<div class=\"elementor-column elementor-col-100 elementor-top-column elementor-element elementor-element-1cdf4a29\" data-id=\"1cdf4a29\" data-element_type=\"column\" data-e-type=\"column\">\n\t\t\t<div class=\"elementor-widget-wrap elementor-element-populated\">\n\t\t\t\t\t\t<div class=\"elementor-element elementor-element-fe46416 elementor-widget elementor-widget-text-editor\" data-id=\"fe46416\" data-element_type=\"widget\" data-e-type=\"widget\" data-widget_type=\"text-editor.default\">\n\t\t\t\t<div class=\"elementor-widget-container\">\n\t\t\t\t\t\t\t\t\t<div class=\"wp-block-button\"><strong><a class=\"wp-block-button__link\" href=\"https:\/\/paysagiste-couvreur.com\/nos-realisations\/\">Retour<\/a><\/strong><\/div><p><!-- \/wp:button --><\/p>\t\t\t\t\t\t\t\t<\/div>\n\t\t\t\t<\/div>\n\t\t\t\t<div class=\"elementor-element elementor-element-1ab82690 elementor-widget elementor-widget-image\" data-id=\"1ab82690\" data-element_type=\"widget\" data-e-type=\"widget\" data-widget_type=\"image.default\">\n\t\t\t\t<div class=\"elementor-widget-container\">\n\t\t\t\t\t\t\t\t\t\t\t\t\t\t\t<img fetchpriority=\"high\" decoding=\"async\" width=\"350\" height=\"350\" src=\"https:\/\/paysagiste-couvreur.com\/wp-content\/uploads\/2026\/01\/rea9.jpg\" class=\"attachment-large size-large wp-image-2369\" alt=\"\" srcset=\"https:\/\/paysagiste-couvreur.com\/wp-content\/uploads\/2026\/01\/rea9.jpg 350w, https:\/\/paysagiste-couvreur.com\/wp-content\/uploads\/2026\/01\/rea9-300x300.jpg 300w, https:\/\/paysagiste-couvreur.com\/wp-content\/uploads\/2026\/01\/rea9-150x150.jpg 150w\" sizes=\"(max-width: 350px) 100vw, 350px\" \/>\t\t\t\t\t\t\t\t\t\t\t\t\t\t\t<\/div>\n\t\t\t\t<\/div>\n\t\t\t\t<div class=\"elementor-element elementor-element-74fb80f4 elementor-widget elementor-widget-heading\" data-id=\"74fb80f4\" data-element_type=\"widget\" data-e-type=\"widget\" data-widget_type=\"heading.default\">\n\t\t\t\t<div class=\"elementor-widget-container\">\n\t\t\t\t\t<p class=\"elementor-heading-title elementor-size-default\">Porte de jardin en fer forg\u00e9<\/p>\t\t\t\t<\/div>\n\t\t\t\t<\/div>\n\t\t\t\t<div class=\"elementor-element elementor-element-7ddd8b58 elementor-widget elementor-widget-text-editor\" data-id=\"7ddd8b58\" data-element_type=\"widget\" data-e-type=\"widget\" data-widget_type=\"text-editor.default\">\n\t\t\t\t<div class=\"elementor-widget-container\">\n\t\t\t\t\t\t\t\t\t<p>Un portail en fer forg\u00e9 pour emb\u00e9lir l&rsquo; entr\u00e9e de votre jardin.<\/p><p><!-- \/wp:paragraph --><\/p>\t\t\t\t\t\t\t\t<\/div>\n\t\t\t\t<\/div>\n\t\t\t\t\t<\/div>\n\t\t<\/div>\n\t\t\t\t\t<\/div>\n\t\t<\/section>\n\t\t\t\t<\/div>\n\t\t","protected":false},"excerpt":{"rendered":"<p>Retour Porte de jardin en fer forg\u00e9 Un portail en fer forg\u00e9 pour emb\u00e9lir l&rsquo; entr\u00e9e de votre jardin.<\/p>\n","protected":false},"author":38,"featured_media":2369,"comment_status":"closed","ping_status":"open","sticky":false,"template":"","format":"standard","meta":{"footnotes":""},"categories":[1],"tags":[],"class_list":["post-2368","post","type-post","status-publish","format-standard","has-post-thumbnail","hentry","category-par-defaut"],"aioseo_notices":[],"_links":{"self":[{"href":"https:\/\/paysagiste-couvreur.com\/nov-apijson\/wp\/v2\/posts\/2368","targetHints":{"allow":["GET"]}}],"collection":[{"href":"https:\/\/paysagiste-couvreur.com\/nov-apijson\/wp\/v2\/posts"}],"about":[{"href":"https:\/\/paysagiste-couvreur.com\/nov-apijson\/wp\/v2\/types\/post"}],"author":[{"embeddable":true,"href":"https:\/\/paysagiste-couvreur.com\/nov-apijson\/wp\/v2\/users\/38"}],"replies":[{"embeddable":true,"href":"https:\/\/paysagiste-couvreur.com\/nov-apijson\/wp\/v2\/comments?post=2368"}],"version-history":[{"count":4,"href":"https:\/\/paysagiste-couvreur.com\/nov-apijson\/wp\/v2\/posts\/2368\/revisions"}],"predecessor-version":[{"id":2374,"href":"https:\/\/paysagiste-couvreur.com\/nov-apijson\/wp\/v2\/posts\/2368\/revisions\/2374"}],"wp:featuredmedia":[{"embeddable":true,"href":"https:\/\/paysagiste-couvreur.com\/nov-apijson\/wp\/v2\/media\/2369"}],"wp:attachment":[{"href":"https:\/\/paysagiste-couvreur.com\/nov-apijson\/wp\/v2\/media?parent=2368"}],"wp:term":[{"taxonomy":"category","embeddable":true,"href":"https:\/\/paysagiste-couvreur.com\/nov-apijson\/wp\/v2\/categories?post=2368"},{"taxonomy":"post_tag","embeddable":true,"href":"https:\/\/paysagiste-couvreur.com\/nov-apijson\/wp\/v2\/tags?post=2368"}],"curies":[{"name":"wp","href":"https:\/\/api.w.org\/{rel}","templated":true}]}}