{"id":2317,"date":"2025-11-07T15:34:16","date_gmt":"2025-11-07T14:34:16","guid":{"rendered":"https:\/\/paysagiste-couvreur.com\/?p=2317"},"modified":"2026-01-21T15:39:24","modified_gmt":"2026-01-21T14:39:24","slug":"creation-de-jardin-adapte-a-votre-espace-apres","status":"publish","type":"post","link":"https:\/\/paysagiste-couvreur.com\/2025\/11\/07\/creation-de-jardin-adapte-a-votre-espace-apres\/","title":{"rendered":"Cr\u00e9ation de jardin adapt\u00e9 \u00e0 votre espace (Apr\u00e8s)"},"content":{"rendered":"\t\t<div data-elementor-type=\"wp-post\" data-elementor-id=\"2317\" class=\"elementor elementor-2317\" data-elementor-post-type=\"post\">\n\t\t\t\t\t\t<section class=\"elementor-section elementor-top-section elementor-element elementor-element-36fd28d4 elementor-section-stretched elementor-section-boxed elementor-section-height-default elementor-section-height-default\" data-id=\"36fd28d4\" data-element_type=\"section\" data-e-type=\"section\" data-settings=\"{&quot;stretch_section&quot;:&quot;section-stretched&quot;}\">\n\t\t\t\t\t\t<div class=\"elementor-container elementor-column-gap-default\">\n\t\t\t\t\t<div class=\"elementor-column elementor-col-100 elementor-top-column elementor-element elementor-element-165ed3bc\" data-id=\"165ed3bc\" data-element_type=\"column\" data-e-type=\"column\">\n\t\t\t<div class=\"elementor-widget-wrap elementor-element-populated\">\n\t\t\t\t\t\t<div class=\"elementor-element elementor-element-50add60e elementor-widget elementor-widget-text-editor\" data-id=\"50add60e\" data-element_type=\"widget\" data-e-type=\"widget\" data-widget_type=\"text-editor.default\">\n\t\t\t\t<div class=\"elementor-widget-container\">\n\t\t\t\t\t\t\t\t\t<div class=\"wp-block-button\"><strong><a class=\"wp-block-button__link\" href=\"https:\/\/paysagiste-couvreur.com\/nos-realisations\/\">Retour<\/a><\/strong><\/div><p><!-- \/wp:button --><\/p>\t\t\t\t\t\t\t\t<\/div>\n\t\t\t\t<\/div>\n\t\t\t\t<div class=\"elementor-element elementor-element-7ded7a74 elementor-widget elementor-widget-image\" data-id=\"7ded7a74\" data-element_type=\"widget\" data-e-type=\"widget\" data-widget_type=\"image.default\">\n\t\t\t\t<div class=\"elementor-widget-container\">\n\t\t\t\t\t\t\t\t\t\t\t\t\t\t\t<img fetchpriority=\"high\" decoding=\"async\" width=\"350\" height=\"350\" src=\"https:\/\/paysagiste-couvreur.com\/wp-content\/uploads\/2025\/11\/rea1.jpg\" class=\"attachment-large size-large wp-image-2287\" alt=\"\" srcset=\"https:\/\/paysagiste-couvreur.com\/wp-content\/uploads\/2025\/11\/rea1.jpg 350w, https:\/\/paysagiste-couvreur.com\/wp-content\/uploads\/2025\/11\/rea1-300x300.jpg 300w, https:\/\/paysagiste-couvreur.com\/wp-content\/uploads\/2025\/11\/rea1-150x150.jpg 150w\" sizes=\"(max-width: 350px) 100vw, 350px\" \/>\t\t\t\t\t\t\t\t\t\t\t\t\t\t\t<\/div>\n\t\t\t\t<\/div>\n\t\t\t\t<div class=\"elementor-element elementor-element-241e4bdf elementor-widget elementor-widget-heading\" data-id=\"241e4bdf\" data-element_type=\"widget\" data-e-type=\"widget\" data-widget_type=\"heading.default\">\n\t\t\t\t<div class=\"elementor-widget-container\">\n\t\t\t\t\t<p class=\"elementor-heading-title elementor-size-default\">Cr\u00e9ation de jardin adapt\u00e9 \u00e0 votre espace (Apr\u00e8s)<\/p>\t\t\t\t<\/div>\n\t\t\t\t<\/div>\n\t\t\t\t<div class=\"elementor-element elementor-element-4ac26ddc elementor-widget elementor-widget-text-editor\" data-id=\"4ac26ddc\" data-element_type=\"widget\" data-e-type=\"widget\" data-widget_type=\"text-editor.default\">\n\t\t\t\t<div class=\"elementor-widget-container\">\n\t\t\t\t\t\t\t\t\t<p>Le travail a \u00e9t\u00e9 fait au niveau des plantes et fleurs choisis pour ce jardin.<\/p><p><!-- \/wp:paragraph --><\/p>\t\t\t\t\t\t\t\t<\/div>\n\t\t\t\t<\/div>\n\t\t\t\t\t<\/div>\n\t\t<\/div>\n\t\t\t\t\t<\/div>\n\t\t<\/section>\n\t\t\t\t<\/div>\n\t\t","protected":false},"excerpt":{"rendered":"<p>Retour Cr\u00e9ation de jardin adapt\u00e9 \u00e0 votre espace (Apr\u00e8s) Le travail a \u00e9t\u00e9 fait au niveau des plantes et fleurs choisis pour ce jardin.<\/p>\n","protected":false},"author":38,"featured_media":2318,"comment_status":"closed","ping_status":"open","sticky":false,"template":"","format":"standard","meta":{"footnotes":""},"categories":[1],"tags":[],"class_list":["post-2317","post","type-post","status-publish","format-standard","has-post-thumbnail","hentry","category-par-defaut"],"aioseo_notices":[],"_links":{"self":[{"href":"https:\/\/paysagiste-couvreur.com\/nov-apijson\/wp\/v2\/posts\/2317","targetHints":{"allow":["GET"]}}],"collection":[{"href":"https:\/\/paysagiste-couvreur.com\/nov-apijson\/wp\/v2\/posts"}],"about":[{"href":"https:\/\/paysagiste-couvreur.com\/nov-apijson\/wp\/v2\/types\/post"}],"author":[{"embeddable":true,"href":"https:\/\/paysagiste-couvreur.com\/nov-apijson\/wp\/v2\/users\/38"}],"replies":[{"embeddable":true,"href":"https:\/\/paysagiste-couvreur.com\/nov-apijson\/wp\/v2\/comments?post=2317"}],"version-history":[{"count":4,"href":"https:\/\/paysagiste-couvreur.com\/nov-apijson\/wp\/v2\/posts\/2317\/revisions"}],"predecessor-version":[{"id":2323,"href":"https:\/\/paysagiste-couvreur.com\/nov-apijson\/wp\/v2\/posts\/2317\/revisions\/2323"}],"wp:featuredmedia":[{"embeddable":true,"href":"https:\/\/paysagiste-couvreur.com\/nov-apijson\/wp\/v2\/media\/2318"}],"wp:attachment":[{"href":"https:\/\/paysagiste-couvreur.com\/nov-apijson\/wp\/v2\/media?parent=2317"}],"wp:term":[{"taxonomy":"category","embeddable":true,"href":"https:\/\/paysagiste-couvreur.com\/nov-apijson\/wp\/v2\/categories?post=2317"},{"taxonomy":"post_tag","embeddable":true,"href":"https:\/\/paysagiste-couvreur.com\/nov-apijson\/wp\/v2\/tags?post=2317"}],"curies":[{"name":"wp","href":"https:\/\/api.w.org\/{rel}","templated":true}]}}